{"id":273,"date":"2013-06-27T19:48:09","date_gmt":"2013-06-27T17:48:09","guid":{"rendered":"http:\/\/barrinar.cat\/?p=273"},"modified":"2013-06-27T19:50:39","modified_gmt":"2013-06-27T17:50:39","slug":"9a-fira-de-productes-agraris-ecologics-de-menorca-els-dies-6-i-7-de-juliol-as-recinte-firal-des-mercadal","status":"publish","type":"post","link":"http:\/\/barrinar.cat\/?p=273","title":{"rendered":"9\u00aa Fira de Productes Agraris Ecol\u00f2gics de Menorca &#8211; Mercadal 6 i 7 de juliol."},"content":{"rendered":"<p><img loading=\"lazy\" decoding=\"async\" class=\"aligncenter size-large wp-image-274\" alt=\"cartell 9a fira APAEM\" src=\"http:\/\/wordpressbarrinar.barrinarcapalasostenibilitat.org\/wp-content\/uploads\/2013\/06\/cartell-9a-fira-APAEM-660x1024.jpg\" width=\"550\" height=\"853\" srcset=\"http:\/\/barrinar.cat\/wp-content\/uploads\/2013\/06\/cartell-9a-fira-APAEM-660x1024.jpg 660w, http:\/\/barrinar.cat\/wp-content\/uploads\/2013\/06\/cartell-9a-fira-APAEM-193x300.jpg 193w, http:\/\/barrinar.cat\/wp-content\/uploads\/2013\/06\/cartell-9a-fira-APAEM.jpg 800w\" sizes=\"auto, (max-width: 550px) 100vw, 550px\" \/><\/p>\n<p>&nbsp;<\/p>\n<p>9\u00aa Fira de Productes Agraris Ecol\u00f2gics de Menorca els dies 6 i 7 de juliol as Recinte Firal des Mercadal i Jornada T\u00e8cnica en Agricultura Ecol\u00f2gica dia 5 a sa Sala de Convencions des Mercadal.<\/p>\n<p><strong>Dissabte 6: de 10 a 22h \/ Diumenge 7: de 10 a 14h<\/strong><\/p>\n<p>&nbsp;<\/p>\n<p>ACTIVITATS:<\/p>\n<p>Fira de productes agraris ecologics\u00a0 de Menorca (APAEM)<\/p>\n<p>Jocs i Tallers infantils agroecol\u00f2gics (Barrinar)<\/p>\n<p>Show cooking (El tast de na Silvia)<\/p>\n<p>Dinar ecol\u00f2gic popular (Barrinar)<\/p>\n<p>Taller\/debat cuina ecol\u00f2gica i sistema agroalimentari (Barrinar)<\/p>\n<p>Cata a Cegues (Barrinar)<\/p>\n<p>Concurs de cuina (APAEM)<\/p>\n<p>Torrada de carn ecol\u00f2gica (Ecocarn)<\/p>\n<p>Glosa amb Soca de Mots<\/p>\n<p>&nbsp;<\/p>\n<p>Vos esperem a totes i tots!<\/p>\n","protected":false},"excerpt":{"rendered":"<p>&nbsp; 9\u00aa Fira de Productes Agraris Ecol\u00f2gics de Menorca els dies 6 i 7 de juliol as Recinte Firal des Mercadal i Jornada T\u00e8cnica en Agricultura Ecol\u00f2gica dia 5 a sa Sala de Convencions des Mercadal. Dissabte 6: de 10 &hellip;<\/p>\n<p class=\"read-more\"> <a class=\"more-link\" href=\"http:\/\/barrinar.cat\/?p=273\"> <span class=\"screen-reader-text\">9\u00aa Fira de Productes Agraris Ecol\u00f2gics de Menorca &#8211; Mercadal 6 i 7 de juliol.<\/span> Leer m\u00e1s \u00bb<\/a><\/p>\n","protected":false},"author":3,"featured_media":274,"comment_status":"closed","ping_status":"open","sticky":false,"template":"","format":"standard","meta":{"footnotes":""},"categories":[1],"tags":[],"class_list":["post-273","post","type-post","status-publish","format-standard","has-post-thumbnail","hentry","category-sin-categoria"],"_links":{"self":[{"href":"http:\/\/barrinar.cat\/index.php?rest_route=\/wp\/v2\/posts\/273","targetHints":{"allow":["GET"]}}],"collection":[{"href":"http:\/\/barrinar.cat\/index.php?rest_route=\/wp\/v2\/posts"}],"about":[{"href":"http:\/\/barrinar.cat\/index.php?rest_route=\/wp\/v2\/types\/post"}],"author":[{"embeddable":true,"href":"http:\/\/barrinar.cat\/index.php?rest_route=\/wp\/v2\/users\/3"}],"replies":[{"embeddable":true,"href":"http:\/\/barrinar.cat\/index.php?rest_route=%2Fwp%2Fv2%2Fcomments&post=273"}],"version-history":[{"count":3,"href":"http:\/\/barrinar.cat\/index.php?rest_route=\/wp\/v2\/posts\/273\/revisions"}],"predecessor-version":[{"id":276,"href":"http:\/\/barrinar.cat\/index.php?rest_route=\/wp\/v2\/posts\/273\/revisions\/276"}],"wp:featuredmedia":[{"embeddable":true,"href":"http:\/\/barrinar.cat\/index.php?rest_route=\/wp\/v2\/media\/274"}],"wp:attachment":[{"href":"http:\/\/barrinar.cat\/index.php?rest_route=%2Fwp%2Fv2%2Fmedia&parent=273"}],"wp:term":[{"taxonomy":"category","embeddable":true,"href":"http:\/\/barrinar.cat\/index.php?rest_route=%2Fwp%2Fv2%2Fcategories&post=273"},{"taxonomy":"post_tag","embeddable":true,"href":"http:\/\/barrinar.cat\/index.php?rest_route=%2Fwp%2Fv2%2Ftags&post=273"}],"curies":[{"name":"wp","href":"https:\/\/api.w.org\/{rel}","templated":true}]}}