{"id":237,"date":"2013-05-31T10:09:22","date_gmt":"2013-05-31T08:09:22","guid":{"rendered":"http:\/\/barrinar.cat\/?p=237"},"modified":"2013-05-31T10:30:04","modified_gmt":"2013-05-31T08:30:04","slug":"projeccio-del-documental-toxic-amazon-the-murder-of-ze-claudio-e-maria","status":"publish","type":"post","link":"http:\/\/barrinar.cat\/?p=237","title":{"rendered":"Projecci\u00f3 del Documental: \u00abToxic Amazon: The Murder of Z\u00e9 Claudio e Maria\u00bb"},"content":{"rendered":"<p style=\"text-align: center\"><b><img loading=\"lazy\" decoding=\"async\" class=\"aligncenter size-large wp-image-238\" alt=\"Cartaz Toxic CAT\" src=\"http:\/\/wordpressbarrinar.barrinarcapalasostenibilitat.org\/wp-content\/uploads\/2013\/05\/Cartaz-Toxic-CAT-723x1024.jpg\" width=\"550\" height=\"778\" srcset=\"http:\/\/barrinar.cat\/wp-content\/uploads\/2013\/05\/Cartaz-Toxic-CAT-723x1024.jpg 723w, http:\/\/barrinar.cat\/wp-content\/uploads\/2013\/05\/Cartaz-Toxic-CAT-212x300.jpg 212w\" sizes=\"auto, (max-width: 550px) 100vw, 550px\" \/><\/b><\/p>\n<p>&nbsp;<\/p>\n<p><b>El Centre C\u00edvic Convent de Sant Agust\u00ed acull la projecci\u00f3 del\u00a0documental \u00abToxic Amazon: The Murder of Z\u00e9 Claudio e Maria\u00bb. L&#8217;acte ser\u00e0 presentat per Joan Mart\u00ednez Alier, professor de la Universitat Aut\u00f2noma de Barcelona i posteriorment hi haur\u00e0 un debat amb el co-director del documental Felipe Milanez, investigador de la Universitat de Coimbra.<\/b><\/p>\n<p>El documental mostra com lluitar per la selva amaz\u00f2nica encara pot costar la vida d&#8217;algunes persones. El mateix dia que el Parlament de Brazil va votar a favor de disminuir les restriccions en la tala d&#8217;arbres als boscos del pa\u00eds, els activistes ambientals Z\u00e9 Cl\u00e1udio Ribeiro i Maria do Espirito Santo van ser assassinats a fora de casa seva, a l&#8217;Estat Amaz\u00f2nic de Para.<\/p>\n<p>L&#8217;activitat s&#8217;emmarca en el projecte europeu ENTITLE (European Network of Political Ecology), coordinat per l&#8217;ICTA- UAB (<a href=\"http:\/\/icta.uab.cat\/\" target=\"_blank\">http:\/\/icta.uab.cat\/<\/a>). La iniciativa pret\u00e9n crear una xarxa de coneixement internacional i fomentar una col\u00b7laboraci\u00f3 estable en estudis de doctorat que tingui en compte el car\u00e0cter multidisciplinari que requereix la formaci\u00f3 en l&#8217;\u00e0mbit de l&#8217;Ecologia Pol\u00edtica. Per saber-ne m\u00e9s el web del projecte: <a href=\"http:\/\/www.politicalecology.eu\/\" target=\"_blank\">http:\/\/www.politicalecology.eu\/<\/a><\/p>\n<p><b><br \/>\n<\/b>\u2022 L&#8217;adre\u00e7a de l&#8217;activitat: CCentre C\u00edvic Convent de Sant Agust\u00ed, Sala Noble, Carrer Comer\u00e7, 36, CP. 08003 Barcelona<\/p>\n<p>\u2022 Les dates i els horaris: <b>Dimecres<\/b> <b>5 de Juny, 19:30 h<\/b>.<\/p>\n<p>\u2022 Tipus d&#8217;Entrada: Lliure<\/p>\n<p>\u2022 El preu: Gratu\u00eft<\/p>\n<p>\u2022 La p\u00e0gina web de l&#8217;ICTA amb m\u00e9s informaci\u00f3: <a href=\"http:\/\/icta.uab.cat\/divulgacion\/actividades.jsp?id=1413&amp;id_idioma=0\" target=\"_blank\">http:\/\/icta.uab.cat\/divulgacion\/actividades.jsp?id=1413&amp;id_idioma=0<\/a><\/p>\n<p>\u2022 L&#8217;entitat Organitzadora: l&#8217;Institut de Ci\u00e8ncia i Tecnologia Ambientals de la\u00a0 Universitat Aut\u00f2noma de Barcelona<\/p>\n<p>\u2022 Llista de ponents:<\/p>\n<p>&#8211; Felipe Milanez, co-director del documental, becari del projecte europeu ENTITLE i investigador de la Universitat de Coimbra<\/p>\n<p>&#8211; Joan Mart\u00ednez Alier, far\u00e0 la xerrada introduct\u00f2ria de l&#8217;acte, \u00e9s catedr\u00e0tic del Dpt d&#8217;Economia i Historia Econ\u00f2mica i sots-director de l&#8217;ICTA, UAB.<\/p>\n<p>(el documental \u00e9s en angl\u00e8s)<\/p>\n<p>&nbsp;<\/p>\n","protected":false},"excerpt":{"rendered":"<p>&nbsp; El Centre C\u00edvic Convent de Sant Agust\u00ed acull la projecci\u00f3 del\u00a0documental \u00abToxic Amazon: The Murder of Z\u00e9 Claudio e Maria\u00bb. L&#8217;acte ser\u00e0 presentat per Joan Mart\u00ednez Alier, professor de la Universitat Aut\u00f2noma de Barcelona i posteriorment hi haur\u00e0 un &hellip;<\/p>\n<p class=\"read-more\"> <a class=\"more-link\" href=\"http:\/\/barrinar.cat\/?p=237\"> <span class=\"screen-reader-text\">Projecci\u00f3 del Documental: \u00abToxic Amazon: The Murder of Z\u00e9 Claudio e Maria\u00bb<\/span> Leer m\u00e1s \u00bb<\/a><\/p>\n","protected":false},"author":3,"featured_media":238,"comment_status":"closed","ping_status":"open","sticky":false,"template":"","format":"standard","meta":{"footnotes":""},"categories":[1],"tags":[],"class_list":["post-237","post","type-post","status-publish","format-standard","has-post-thumbnail","hentry","category-sin-categoria"],"_links":{"self":[{"href":"http:\/\/barrinar.cat\/index.php?rest_route=\/wp\/v2\/posts\/237","targetHints":{"allow":["GET"]}}],"collection":[{"href":"http:\/\/barrinar.cat\/index.php?rest_route=\/wp\/v2\/posts"}],"about":[{"href":"http:\/\/barrinar.cat\/index.php?rest_route=\/wp\/v2\/types\/post"}],"author":[{"embeddable":true,"href":"http:\/\/barrinar.cat\/index.php?rest_route=\/wp\/v2\/users\/3"}],"replies":[{"embeddable":true,"href":"http:\/\/barrinar.cat\/index.php?rest_route=%2Fwp%2Fv2%2Fcomments&post=237"}],"version-history":[{"count":7,"href":"http:\/\/barrinar.cat\/index.php?rest_route=\/wp\/v2\/posts\/237\/revisions"}],"predecessor-version":[{"id":240,"href":"http:\/\/barrinar.cat\/index.php?rest_route=\/wp\/v2\/posts\/237\/revisions\/240"}],"wp:featuredmedia":[{"embeddable":true,"href":"http:\/\/barrinar.cat\/index.php?rest_route=\/wp\/v2\/media\/238"}],"wp:attachment":[{"href":"http:\/\/barrinar.cat\/index.php?rest_route=%2Fwp%2Fv2%2Fmedia&parent=237"}],"wp:term":[{"taxonomy":"category","embeddable":true,"href":"http:\/\/barrinar.cat\/index.php?rest_route=%2Fwp%2Fv2%2Fcategories&post=237"},{"taxonomy":"post_tag","embeddable":true,"href":"http:\/\/barrinar.cat\/index.php?rest_route=%2Fwp%2Fv2%2Ftags&post=237"}],"curies":[{"name":"wp","href":"https:\/\/api.w.org\/{rel}","templated":true}]}}